{"id":3533,"date":"2016-02-09T05:00:25","date_gmt":"2016-02-09T05:00:25","guid":{"rendered":"http:\/\/www.elvtehnika.ee\/?p=3533"},"modified":"2017-01-09T16:32:17","modified_gmt":"2017-01-09T14:32:17","slug":"avstumpfl-projektsiooniekraanid-ekraanide-muuk","status":"publish","type":"post","link":"https:\/\/elvtehnika.ee\/test\/avstumpfl-projektsiooniekraanid-ekraanide-muuk\/","title":{"rendered":"AVStumpfl kvaliteetsed projektsiooniekraanid &#8211; ekraanide m\u00fc\u00fck"},"content":{"rendered":"<h2>Mobiilsed kvaliteetekraanid Austriast<\/h2>\n<p><a href=\"https:\/\/elvtehnika.ee\/test\/1\/wp-content\/uploads\/projektsiooniekraanide-m\u00fc\u00fck-kvaliteetsed-ekraanid-toodetud-Austrias.jpg\"><img decoding=\"async\" loading=\"lazy\" class=\" wp-image-2004 alignright\" src=\"https:\/\/elvtehnika.ee\/test\/1\/wp-content\/uploads\/projektsiooniekraanide-m\u00fc\u00fck-kvaliteetsed-ekraanid-toodetud-Austrias.jpg\" alt=\"mobiilsed ekraanid, projektsiooniekraanid, esitlustehnika m\u00fc\u00fck\" width=\"337\" height=\"213\" srcset=\"https:\/\/elvtehnika.ee\/test\/wp-content\/uploads\/projektsiooniekraanide-m\u00fc\u00fck-kvaliteetsed-ekraanid-toodetud-Austrias.jpg 712w, https:\/\/elvtehnika.ee\/test\/wp-content\/uploads\/projektsiooniekraanide-m\u00fc\u00fck-kvaliteetsed-ekraanid-toodetud-Austrias-600x379.jpg 600w, https:\/\/elvtehnika.ee\/test\/wp-content\/uploads\/projektsiooniekraanide-m\u00fc\u00fck-kvaliteetsed-ekraanid-toodetud-Austrias-290x183.jpg 290w, https:\/\/elvtehnika.ee\/test\/wp-content\/uploads\/projektsiooniekraanide-m\u00fc\u00fck-kvaliteetsed-ekraanid-toodetud-Austrias-300x189.jpg 300w\" sizes=\"(max-width: 337px) 100vw, 337px\" \/><\/a>Pakume kvaliteetseid, t\u00f6\u00f6kindlaid, kergeid ning kiirelt \u00fcles seatavaid mobiilseid projektsiooniekraane Austria kvaliteetootjalt AVStumpfl.<\/p>\n<p>Ekraanidel on tugevad, alumiiniumist ja lihtsalt kokku-lahti volditavad jalad ja raam ning peegeldusi v\u00e4ltiv ja pildi heledust \u00fchtlaselt \u00fcle terve ekraani jaotav ekraanilina.<\/p>\n<p>Need ekraanid on kasutuses rendifirmades \u00fcle maailma oma suure t\u00f6\u00f6kindluse, lihtsa paigalduse ja heade pildiomaduste p\u00e4rast.<\/p>\n<p>Ekraanidel on 5-aastane garantii raamile ja jalgadale ning 24-kuune garantii linale.<\/p>\n<h2>Ekraani raam<\/h2>\n<p><a href=\"https:\/\/elvtehnika.ee\/test\/1\/wp-content\/uploads\/ekraani-raam1.jpg\"><img decoding=\"async\" loading=\"lazy\" class=\"alignleft wp-image-2021\" src=\"https:\/\/elvtehnika.ee\/test\/1\/wp-content\/uploads\/ekraani-raam1.jpg\" alt=\"projektsiooniekraani raam\" width=\"337\" height=\"319\" srcset=\"https:\/\/elvtehnika.ee\/test\/wp-content\/uploads\/ekraani-raam1.jpg 1091w, https:\/\/elvtehnika.ee\/test\/wp-content\/uploads\/ekraani-raam1-600x569.jpg 600w, https:\/\/elvtehnika.ee\/test\/wp-content\/uploads\/ekraani-raam1-211x200.jpg 211w, https:\/\/elvtehnika.ee\/test\/wp-content\/uploads\/ekraani-raam1-300x284.jpg 300w, https:\/\/elvtehnika.ee\/test\/wp-content\/uploads\/ekraani-raam1-1024x970.jpg 1024w\" sizes=\"(max-width: 337px) 100vw, 337px\" \/><\/a>Suur tugevus ja t\u00f6\u00f6kindlus. Toodetud ja disainitud Austrias.<\/p>\n<p>Ekraani raam ja jalad koosnevad v\u00e4ga k\u00f5rgel t\u00e4psusastmel pressitud alumiiniumdetailidest, mida \u00fchendavad mugavad kiirlukustid.<\/p>\n<p>Terve raam on lihtsalt ja loogiliselt lahtivolditav ning detailide \u00fchenduskohad lukustuvad automaatselt.<\/p>\n<p>Raamil ei ole v\u00e4ikeseid, lahtiseid ja lihtsalt kaduma minevaid osi ning kokkupanek on disainitud v\u00f5imalikult intuitiivseks.<\/p>\n<p>Raamide ja jalgade tootmisel rakendatav ettev\u00f5ttesisene arendusprotsess, k\u00f5rgkvaliteetsete CNC-pinkide kasutamine tootmises ning k\u00e4sitsi valitud materjalide kasutamine koos p\u00f5hjaliku kvaliteedikontrolliga v\u00f5imaldavad tagada k\u00f5ige pikema eluea turul.<\/p>\n<p>Ekraanide raamidel on ka 5-aastane garantii.<\/p>\n<h2>Ekraani lina<\/h2>\n<p><a href=\"https:\/\/elvtehnika.ee\/test\/1\/wp-content\/uploads\/ekraanilina.jpg\"><img decoding=\"async\" loading=\"lazy\" class=\" wp-image-2025 alignright\" src=\"https:\/\/elvtehnika.ee\/test\/1\/wp-content\/uploads\/ekraanilina.jpg\" alt=\"ekraanilina - eestprojektsioon, tagantprojektsioon, dual-projektsioon, 3D projektsioon, ekraan\" width=\"282\" height=\"240\" srcset=\"https:\/\/elvtehnika.ee\/test\/wp-content\/uploads\/ekraanilina.jpg 848w, https:\/\/elvtehnika.ee\/test\/wp-content\/uploads\/ekraanilina-600x510.jpg 600w, https:\/\/elvtehnika.ee\/test\/wp-content\/uploads\/ekraanilina-235x200.jpg 235w, https:\/\/elvtehnika.ee\/test\/wp-content\/uploads\/ekraanilina-300x255.jpg 300w\" sizes=\"(max-width: 282px) 100vw, 282px\" \/><\/a>Eestprojektsioonilina, tagantprojektsioonilina, <em>dual<\/em>-projektsioonilina (eest ja tagant), 3D projektsioonilinad.<\/p>\n<p>Ekraanilinad on kinnitatavad raamile trukkidega, mis on publikule pea n\u00e4htamatud, ekraani pind on t\u00e4ielikult matt, v\u00e4ga sile, r\u00f5hutab h\u00e4sti projektori kontrastsust ning jaotab pildi heleduse \u00fchtlaselt \u00fcle kogu ekraani.<\/p>\n<p>AV Stumpfl ekraanide linad vastavad k\u00f5rgetele ja t\u00e4psetele n\u00f5uetele, mis baseeruvad ligi 40-aastasel tootmiskogemusel. Materjalide kvaliteedile pannakse hankimisel v\u00e4ga suurt r\u00f5hku ning ekraanilinad vastavad \u00fclemaailmsetele rendi- ja lavatehnika n\u00f5uetele.<\/p>\n<h2><a href=\"https:\/\/elvtehnika.ee\/test\/1\/wp-content\/uploads\/ekraani-jalad.jpg\"><img decoding=\"async\" loading=\"lazy\" class=\"alignleft wp-image-2029\" src=\"https:\/\/elvtehnika.ee\/test\/1\/wp-content\/uploads\/ekraani-jalad.jpg\" alt=\"teisaldatava ekraani jalad\" width=\"257\" height=\"228\" srcset=\"https:\/\/elvtehnika.ee\/test\/wp-content\/uploads\/ekraani-jalad.jpg 1152w, https:\/\/elvtehnika.ee\/test\/wp-content\/uploads\/ekraani-jalad-600x532.jpg 600w, https:\/\/elvtehnika.ee\/test\/wp-content\/uploads\/ekraani-jalad-225x200.jpg 225w, https:\/\/elvtehnika.ee\/test\/wp-content\/uploads\/ekraani-jalad-300x266.jpg 300w, https:\/\/elvtehnika.ee\/test\/wp-content\/uploads\/ekraani-jalad-1024x908.jpg 1024w\" sizes=\"(max-width: 257px) 100vw, 257px\" \/><\/a>Ekraani jalad<\/h2>\n<p>Kerged, tugevad, stabiilsed.<\/p>\n<p>Pakume erinevat t\u00fc\u00fcpi ekraanijalgu ning muud liiki\u00a0ekraanikinnitusi, et v\u00f5imaldada erinevaid ekraanide paigaldamise viise. Ekraanide jalgadel on sama k\u00f5rge kvaliteet ja kasutusmugavus nagu raamidel.<\/p>\n<p>Jalgadel on 5-aastane garantii.<\/p>\n<h2>Ekraani \u00fclespanek<\/h2>\n<p><a href=\"https:\/\/elvtehnika.ee\/test\/1\/wp-content\/uploads\/ekraani-\u00fclespanek.jpg\"><img decoding=\"async\" loading=\"lazy\" class=\" wp-image-2032 alignright\" src=\"https:\/\/elvtehnika.ee\/test\/1\/wp-content\/uploads\/ekraani-\u00fclespanek.jpg\" alt=\"mobiilse ekraani \u00fclespanek, paigaldus, kuidas paigaldada teisaldatavat ekraani\" width=\"330\" height=\"187\" srcset=\"https:\/\/elvtehnika.ee\/test\/wp-content\/uploads\/ekraani-\u00fclespanek.jpg 1254w, https:\/\/elvtehnika.ee\/test\/wp-content\/uploads\/ekraani-\u00fclespanek-600x340.jpg 600w, https:\/\/elvtehnika.ee\/test\/wp-content\/uploads\/ekraani-\u00fclespanek-290x164.jpg 290w, https:\/\/elvtehnika.ee\/test\/wp-content\/uploads\/ekraani-\u00fclespanek-300x169.jpg 300w, https:\/\/elvtehnika.ee\/test\/wp-content\/uploads\/ekraani-\u00fclespanek-1024x579.jpg 1024w\" sizes=\"(max-width: 330px) 100vw, 330px\" \/><\/a>Ekraani on kiire ja intuitiivne \u00fcles panna. Detailid on kaalult kerged, t\u00f6\u00f6riistu vaja ei l\u00e4he.<\/p>\n<p>Raam ja jalad on kokkuvolditud ning nende lahtivoltimisel fikseerivad asendi automaatselt kiirlukustid.<\/p>\n<p>Lina kinnitatakse erkaani \u00e4\u00e4rele trukkidega ning see j\u00e4\u00e4b pingul ja sile.<\/p>\n<p>Suurema ekraani p\u00fcstil\u00fckkamiseks on vaja kahte inimest, \u00fclej\u00e4\u00e4nud t\u00f6\u00f6 saab teha \u00fcks inimene.<\/p>\n","protected":false},"excerpt":{"rendered":"<p>Mobiilsed kvaliteetekraanid Austriast Pakume kvaliteetseid, t\u00f6\u00f6kindlaid, kergeid ning kiirelt \u00fcles seatavaid mobiilseid projektsiooniekraane Austria kvaliteetootjalt AVStumpfl. Ekraanidel on tugevad, alumiiniumist ja lihtsalt kokku-lahti volditavad jalad ja raam ning peegeldusi v\u00e4ltiv ja pildi heledust \u00fchtlaselt \u00fcle terve ekraani jaotav ekraanilina. Need ekraanid on kasutuses rendifirmades \u00fcle maailma oma suure t\u00f6\u00f6kindluse, lihtsa paigalduse ja heade pildiomaduste p\u00e4rast. [&hellip;]<\/p>\n","protected":false},"author":2,"featured_media":0,"comment_status":"closed","ping_status":"open","sticky":false,"template":"","format":"standard","meta":[],"categories":[63],"tags":[],"acf":[],"yoast_head":"<!-- This site is optimized with the Yoast SEO plugin v20.5 - https:\/\/yoast.com\/wordpress\/plugins\/seo\/ -->\n<title>AVStumpfl kvaliteetsed projektsiooniekraanid - ekraanide m\u00fc\u00fck - ELV Tehnika<\/title>\n<meta name=\"robots\" content=\"noindex, follow, max-snippet:-1, max-image-preview:large, max-video-preview:-1\" \/>\n<meta property=\"og:locale\" content=\"et_EE\" \/>\n<meta property=\"og:type\" content=\"article\" \/>\n<meta property=\"og:title\" content=\"AVStumpfl kvaliteetsed projektsiooniekraanid - ekraanide m\u00fc\u00fck - ELV Tehnika\" \/>\n<meta property=\"og:description\" content=\"Mobiilsed kvaliteetekraanid Austriast Pakume kvaliteetseid, t\u00f6\u00f6kindlaid, kergeid ning kiirelt \u00fcles seatavaid mobiilseid projektsiooniekraane Austria kvaliteetootjalt AVStumpfl. Ekraanidel on tugevad, alumiiniumist ja lihtsalt kokku-lahti volditavad jalad ja raam ning peegeldusi v\u00e4ltiv ja pildi heledust \u00fchtlaselt \u00fcle terve ekraani jaotav ekraanilina. Need ekraanid on kasutuses rendifirmades \u00fcle maailma oma suure t\u00f6\u00f6kindluse, lihtsa paigalduse ja heade pildiomaduste p\u00e4rast. [&hellip;]\" \/>\n<meta property=\"og:url\" content=\"https:\/\/elvtehnika.ee\/test\/avstumpfl-projektsiooniekraanid-ekraanide-muuk\/\" \/>\n<meta property=\"og:site_name\" content=\"ELV Tehnika\" \/>\n<meta property=\"article:published_time\" content=\"2016-02-09T05:00:25+00:00\" \/>\n<meta property=\"article:modified_time\" content=\"2017-01-09T14:32:17+00:00\" \/>\n<meta property=\"og:image\" content=\"https:\/\/elvtehnika.ee\/test\/1\/wp-content\/uploads\/ekraani-raam1.jpg\" \/>\n<meta name=\"author\" content=\"Rumos\" \/>\n<meta name=\"twitter:label1\" content=\"Written by\" \/>\n\t<meta name=\"twitter:data1\" content=\"Rumos\" \/>\n\t<meta name=\"twitter:label2\" content=\"Est. reading time\" \/>\n\t<meta name=\"twitter:data2\" content=\"2 minutit\" \/>\n<script type=\"application\/ld+json\" class=\"yoast-schema-graph\">{\"@context\":\"https:\/\/schema.org\",\"@graph\":[{\"@type\":\"WebPage\",\"@id\":\"https:\/\/elvtehnika.ee\/test\/avstumpfl-projektsiooniekraanid-ekraanide-muuk\/\",\"url\":\"https:\/\/elvtehnika.ee\/test\/avstumpfl-projektsiooniekraanid-ekraanide-muuk\/\",\"name\":\"AVStumpfl kvaliteetsed projektsiooniekraanid - ekraanide m\u00fc\u00fck - ELV Tehnika\",\"isPartOf\":{\"@id\":\"https:\/\/elvtehnika.ee\/test\/#website\"},\"datePublished\":\"2016-02-09T05:00:25+00:00\",\"dateModified\":\"2017-01-09T14:32:17+00:00\",\"author\":{\"@id\":\"https:\/\/elvtehnika.ee\/test\/#\/schema\/person\/28f665ec1e26e9f487be10da2b264cdd\"},\"breadcrumb\":{\"@id\":\"https:\/\/elvtehnika.ee\/test\/avstumpfl-projektsiooniekraanid-ekraanide-muuk\/#breadcrumb\"},\"inLanguage\":\"et\",\"potentialAction\":[{\"@type\":\"ReadAction\",\"target\":[\"https:\/\/elvtehnika.ee\/test\/avstumpfl-projektsiooniekraanid-ekraanide-muuk\/\"]}]},{\"@type\":\"BreadcrumbList\",\"@id\":\"https:\/\/elvtehnika.ee\/test\/avstumpfl-projektsiooniekraanid-ekraanide-muuk\/#breadcrumb\",\"itemListElement\":[{\"@type\":\"ListItem\",\"position\":1,\"name\":\"Home\",\"item\":\"https:\/\/elvtehnika.ee\/test\/\"},{\"@type\":\"ListItem\",\"position\":2,\"name\":\"AVStumpfl kvaliteetsed projektsiooniekraanid &#8211; ekraanide m\u00fc\u00fck\"}]},{\"@type\":\"WebSite\",\"@id\":\"https:\/\/elvtehnika.ee\/test\/#website\",\"url\":\"https:\/\/elvtehnika.ee\/test\/\",\"name\":\"ELV Tehnika\",\"description\":\"Heli-, valgus- ja esitlustehnika\",\"potentialAction\":[{\"@type\":\"SearchAction\",\"target\":{\"@type\":\"EntryPoint\",\"urlTemplate\":\"https:\/\/elvtehnika.ee\/test\/?s={search_term_string}\"},\"query-input\":\"required name=search_term_string\"}],\"inLanguage\":\"et\"},{\"@type\":\"Person\",\"@id\":\"https:\/\/elvtehnika.ee\/test\/#\/schema\/person\/28f665ec1e26e9f487be10da2b264cdd\",\"name\":\"Rumos\"}]}<\/script>\n<!-- \/ Yoast SEO plugin. -->","yoast_head_json":{"title":"AVStumpfl kvaliteetsed projektsiooniekraanid - ekraanide m\u00fc\u00fck - ELV Tehnika","robots":{"index":"noindex","follow":"follow","max-snippet":"max-snippet:-1","max-image-preview":"max-image-preview:large","max-video-preview":"max-video-preview:-1"},"og_locale":"et_EE","og_type":"article","og_title":"AVStumpfl kvaliteetsed projektsiooniekraanid - ekraanide m\u00fc\u00fck - ELV Tehnika","og_description":"Mobiilsed kvaliteetekraanid Austriast Pakume kvaliteetseid, t\u00f6\u00f6kindlaid, kergeid ning kiirelt \u00fcles seatavaid mobiilseid projektsiooniekraane Austria kvaliteetootjalt AVStumpfl. Ekraanidel on tugevad, alumiiniumist ja lihtsalt kokku-lahti volditavad jalad ja raam ning peegeldusi v\u00e4ltiv ja pildi heledust \u00fchtlaselt \u00fcle terve ekraani jaotav ekraanilina. Need ekraanid on kasutuses rendifirmades \u00fcle maailma oma suure t\u00f6\u00f6kindluse, lihtsa paigalduse ja heade pildiomaduste p\u00e4rast. [&hellip;]","og_url":"https:\/\/elvtehnika.ee\/test\/avstumpfl-projektsiooniekraanid-ekraanide-muuk\/","og_site_name":"ELV Tehnika","article_published_time":"2016-02-09T05:00:25+00:00","article_modified_time":"2017-01-09T14:32:17+00:00","og_image":[{"url":"https:\/\/elvtehnika.ee\/test\/1\/wp-content\/uploads\/ekraani-raam1.jpg"}],"author":"Rumos","twitter_misc":{"Written by":"Rumos","Est. reading time":"2 minutit"},"schema":{"@context":"https:\/\/schema.org","@graph":[{"@type":"WebPage","@id":"https:\/\/elvtehnika.ee\/test\/avstumpfl-projektsiooniekraanid-ekraanide-muuk\/","url":"https:\/\/elvtehnika.ee\/test\/avstumpfl-projektsiooniekraanid-ekraanide-muuk\/","name":"AVStumpfl kvaliteetsed projektsiooniekraanid - ekraanide m\u00fc\u00fck - ELV Tehnika","isPartOf":{"@id":"https:\/\/elvtehnika.ee\/test\/#website"},"datePublished":"2016-02-09T05:00:25+00:00","dateModified":"2017-01-09T14:32:17+00:00","author":{"@id":"https:\/\/elvtehnika.ee\/test\/#\/schema\/person\/28f665ec1e26e9f487be10da2b264cdd"},"breadcrumb":{"@id":"https:\/\/elvtehnika.ee\/test\/avstumpfl-projektsiooniekraanid-ekraanide-muuk\/#breadcrumb"},"inLanguage":"et","potentialAction":[{"@type":"ReadAction","target":["https:\/\/elvtehnika.ee\/test\/avstumpfl-projektsiooniekraanid-ekraanide-muuk\/"]}]},{"@type":"BreadcrumbList","@id":"https:\/\/elvtehnika.ee\/test\/avstumpfl-projektsiooniekraanid-ekraanide-muuk\/#breadcrumb","itemListElement":[{"@type":"ListItem","position":1,"name":"Home","item":"https:\/\/elvtehnika.ee\/test\/"},{"@type":"ListItem","position":2,"name":"AVStumpfl kvaliteetsed projektsiooniekraanid &#8211; ekraanide m\u00fc\u00fck"}]},{"@type":"WebSite","@id":"https:\/\/elvtehnika.ee\/test\/#website","url":"https:\/\/elvtehnika.ee\/test\/","name":"ELV Tehnika","description":"Heli-, valgus- ja esitlustehnika","potentialAction":[{"@type":"SearchAction","target":{"@type":"EntryPoint","urlTemplate":"https:\/\/elvtehnika.ee\/test\/?s={search_term_string}"},"query-input":"required name=search_term_string"}],"inLanguage":"et"},{"@type":"Person","@id":"https:\/\/elvtehnika.ee\/test\/#\/schema\/person\/28f665ec1e26e9f487be10da2b264cdd","name":"Rumos"}]}},"_links":{"self":[{"href":"https:\/\/elvtehnika.ee\/test\/wp-json\/wp\/v2\/posts\/3533"}],"collection":[{"href":"https:\/\/elvtehnika.ee\/test\/wp-json\/wp\/v2\/posts"}],"about":[{"href":"https:\/\/elvtehnika.ee\/test\/wp-json\/wp\/v2\/types\/post"}],"author":[{"embeddable":true,"href":"https:\/\/elvtehnika.ee\/test\/wp-json\/wp\/v2\/users\/2"}],"replies":[{"embeddable":true,"href":"https:\/\/elvtehnika.ee\/test\/wp-json\/wp\/v2\/comments?post=3533"}],"version-history":[{"count":3,"href":"https:\/\/elvtehnika.ee\/test\/wp-json\/wp\/v2\/posts\/3533\/revisions"}],"predecessor-version":[{"id":5247,"href":"https:\/\/elvtehnika.ee\/test\/wp-json\/wp\/v2\/posts\/3533\/revisions\/5247"}],"wp:attachment":[{"href":"https:\/\/elvtehnika.ee\/test\/wp-json\/wp\/v2\/media?parent=3533"}],"wp:term":[{"taxonomy":"category","embeddable":true,"href":"https:\/\/elvtehnika.ee\/test\/wp-json\/wp\/v2\/categories?post=3533"},{"taxonomy":"post_tag","embeddable":true,"href":"https:\/\/elvtehnika.ee\/test\/wp-json\/wp\/v2\/tags?post=3533"}],"curies":[{"name":"wp","href":"https:\/\/api.w.org\/{rel}","templated":true}]}}