{"id":3543,"date":"2016-02-09T05:21:49","date_gmt":"2016-02-09T05:21:49","guid":{"rendered":"http:\/\/www.elvtehnika.ee\/?p=3543"},"modified":"2018-07-30T16:13:07","modified_gmt":"2018-07-30T13:13:07","slug":"mipro-raadiomikrofonid","status":"publish","type":"post","link":"https:\/\/elvtehnika.ee\/test\/mipro-raadiomikrofonid\/","title":{"rendered":"Mipro raadiomikrofonid"},"content":{"rendered":"<p><a href=\"https:\/\/elvtehnika.ee\/test\/1\/wp-content\/uploads\/mipro-raadiomikrofonid1.jpg\"><img decoding=\"async\" loading=\"lazy\" class=\"alignright wp-image-1654\" src=\"https:\/\/elvtehnika.ee\/test\/1\/wp-content\/uploads\/mipro-raadiomikrofonid1-1024x888.jpg\" alt=\"mipro raadiomikrofonid\" width=\"406\" height=\"352\" srcset=\"https:\/\/elvtehnika.ee\/test\/wp-content\/uploads\/mipro-raadiomikrofonid1-1024x888.jpg 1024w, https:\/\/elvtehnika.ee\/test\/wp-content\/uploads\/mipro-raadiomikrofonid1-600x520.jpg 600w, https:\/\/elvtehnika.ee\/test\/wp-content\/uploads\/mipro-raadiomikrofonid1-230x200.jpg 230w, https:\/\/elvtehnika.ee\/test\/wp-content\/uploads\/mipro-raadiomikrofonid1-300x260.jpg 300w, https:\/\/elvtehnika.ee\/test\/wp-content\/uploads\/mipro-raadiomikrofonid1.jpg 1124w\" sizes=\"(max-width: 406px) 100vw, 406px\" \/><\/a><strong>Oleme Mipro toodangu m\u00fc\u00fcmise l\u00f5petanud kuid sellega tegeleb <a href=\"http:\/\/artko.ee\/\" target=\"_blank\" rel=\"noopener\">ART Konverentsitehnika<\/a>.<\/strong><\/p>\n<p>Mipro raadiomikrofoid on t\u00f6\u00f6kindlad, kvaliteetsed ning v\u00e4ga mugavad \u00fcritustel kasutada. Mipro mikrofonid on \u00fcritusel kasutamiseks v\u00e4ga hea valik j\u00e4rgmistel p\u00f5hjustel:<\/p>\n<p>&#8211; erisuurusega peamikrofoni peagarnituurid, mille hulgast leiab t\u00e4pselt sobivad peamikrofonid nii lastele kui ka suurt kasvu meestele, et peamikrofon mugavalt peas p\u00fcsiks ja ei loksuks ka aktiivsemalt ringi liikudes;<\/p>\n<p>&#8211; puhas ja kaheinatevaba signaali\u00fclekanne;<\/p>\n<p>&#8211; suur leviala (mida on v\u00f5imalik veelgi suurendada aktiivantennidega);<\/p>\n<p>&#8211; v\u00e4ga t\u00e4pne patarei laetuse taseme n\u00e4idik;<\/p>\n<p>&#8211; mugavad, selged ja kiirelt loetavad displeid;<\/p>\n<p>&#8211; metallkorpus k\u00e4simikrofonil ning tugev magneesiumsulamist korpus peamikrofoni v\u00f6\u00f6saatjal;<\/p>\n<p>&#8211; miniatuursed ja kerged v\u00f6\u00f6saatjad;<\/p>\n<p>&#8211; vastuv\u00f5tjad annavad v\u00e4ga h\u00e4sti m\u00e4rku kui mikrofon sisse l\u00fclitatakse ning n\u00e4itavad ka millal m\u00f5ni mikrofon mute&#8217;l on;<\/p>\n<p>&#8211; v\u00e4ga hea audio leveli indikaator vastuv\u00f5tjatel, mis v\u00f5imaldab kiirelt n\u00e4ha millisest mikrofonist r\u00e4\u00e4gitakse;<\/p>\n<p>&#8211; mute nupp v\u00f6\u00f6saatjal on disable&#8217;itav &#8211; see v\u00f5imaldab v\u00e4ltida mikrofoni tahtmatut vaigistamist esinejate poolt.<\/p>\n<p>Anname seadmetele ka kolmeaastase garantii ning soovikorral asendusseadme v\u00f5imaliku remondiperioodi ajaks.<\/p>\n<p>Huvi korral v\u00f5tke kindlasti <a title=\"Kontakt\" href=\"https:\/\/elvtehnika.ee\/test\/kontakt\/\">\u00fchendust<\/a>!<\/p>\n<p>Allpool on v\u00e4lja toodud m\u00f5ned levinumad mudelid:<\/p>\n","protected":false},"excerpt":{"rendered":"<p>Oleme Mipro toodangu m\u00fc\u00fcmise l\u00f5petanud kuid sellega tegeleb ART Konverentsitehnika. Mipro raadiomikrofoid on t\u00f6\u00f6kindlad, kvaliteetsed ning v\u00e4ga mugavad \u00fcritustel kasutada. Mipro mikrofonid on \u00fcritusel kasutamiseks v\u00e4ga hea valik j\u00e4rgmistel p\u00f5hjustel: &#8211; erisuurusega peamikrofoni peagarnituurid, mille hulgast leiab t\u00e4pselt sobivad peamikrofonid nii lastele kui ka suurt kasvu meestele, et peamikrofon mugavalt peas p\u00fcsiks ja ei loksuks [&hellip;]<\/p>\n","protected":false},"author":2,"featured_media":0,"comment_status":"closed","ping_status":"open","sticky":false,"template":"","format":"standard","meta":[],"categories":[63],"tags":[],"acf":[],"yoast_head":"<!-- This site is optimized with the Yoast SEO plugin v20.5 - https:\/\/yoast.com\/wordpress\/plugins\/seo\/ -->\n<title>Mipro raadiomikrofonid - ELV Tehnika<\/title>\n<meta name=\"robots\" content=\"noindex, follow, max-snippet:-1, max-image-preview:large, max-video-preview:-1\" \/>\n<meta property=\"og:locale\" content=\"et_EE\" \/>\n<meta property=\"og:type\" content=\"article\" \/>\n<meta property=\"og:title\" content=\"Mipro raadiomikrofonid - ELV Tehnika\" \/>\n<meta property=\"og:description\" content=\"Oleme Mipro toodangu m\u00fc\u00fcmise l\u00f5petanud kuid sellega tegeleb ART Konverentsitehnika. Mipro raadiomikrofoid on t\u00f6\u00f6kindlad, kvaliteetsed ning v\u00e4ga mugavad \u00fcritustel kasutada. Mipro mikrofonid on \u00fcritusel kasutamiseks v\u00e4ga hea valik j\u00e4rgmistel p\u00f5hjustel: &#8211; erisuurusega peamikrofoni peagarnituurid, mille hulgast leiab t\u00e4pselt sobivad peamikrofonid nii lastele kui ka suurt kasvu meestele, et peamikrofon mugavalt peas p\u00fcsiks ja ei loksuks [&hellip;]\" \/>\n<meta property=\"og:url\" content=\"https:\/\/elvtehnika.ee\/test\/mipro-raadiomikrofonid\/\" \/>\n<meta property=\"og:site_name\" content=\"ELV Tehnika\" \/>\n<meta property=\"article:published_time\" content=\"2016-02-09T05:21:49+00:00\" \/>\n<meta property=\"article:modified_time\" content=\"2018-07-30T13:13:07+00:00\" \/>\n<meta property=\"og:image\" content=\"https:\/\/elvtehnika.ee\/test\/1\/wp-content\/uploads\/mipro-raadiomikrofonid1-1024x888.jpg\" \/>\n<meta name=\"author\" content=\"Rumos\" \/>\n<meta name=\"twitter:label1\" content=\"Written by\" \/>\n\t<meta name=\"twitter:data1\" content=\"Rumos\" \/>\n\t<meta name=\"twitter:label2\" content=\"Est. reading time\" \/>\n\t<meta name=\"twitter:data2\" content=\"1 minut\" \/>\n<script type=\"application\/ld+json\" class=\"yoast-schema-graph\">{\"@context\":\"https:\/\/schema.org\",\"@graph\":[{\"@type\":\"WebPage\",\"@id\":\"https:\/\/elvtehnika.ee\/test\/mipro-raadiomikrofonid\/\",\"url\":\"https:\/\/elvtehnika.ee\/test\/mipro-raadiomikrofonid\/\",\"name\":\"Mipro raadiomikrofonid - ELV Tehnika\",\"isPartOf\":{\"@id\":\"https:\/\/elvtehnika.ee\/test\/#website\"},\"datePublished\":\"2016-02-09T05:21:49+00:00\",\"dateModified\":\"2018-07-30T13:13:07+00:00\",\"author\":{\"@id\":\"https:\/\/elvtehnika.ee\/test\/#\/schema\/person\/28f665ec1e26e9f487be10da2b264cdd\"},\"breadcrumb\":{\"@id\":\"https:\/\/elvtehnika.ee\/test\/mipro-raadiomikrofonid\/#breadcrumb\"},\"inLanguage\":\"et\",\"potentialAction\":[{\"@type\":\"ReadAction\",\"target\":[\"https:\/\/elvtehnika.ee\/test\/mipro-raadiomikrofonid\/\"]}]},{\"@type\":\"BreadcrumbList\",\"@id\":\"https:\/\/elvtehnika.ee\/test\/mipro-raadiomikrofonid\/#breadcrumb\",\"itemListElement\":[{\"@type\":\"ListItem\",\"position\":1,\"name\":\"Home\",\"item\":\"https:\/\/elvtehnika.ee\/test\/\"},{\"@type\":\"ListItem\",\"position\":2,\"name\":\"Mipro raadiomikrofonid\"}]},{\"@type\":\"WebSite\",\"@id\":\"https:\/\/elvtehnika.ee\/test\/#website\",\"url\":\"https:\/\/elvtehnika.ee\/test\/\",\"name\":\"ELV Tehnika\",\"description\":\"Heli-, valgus- ja esitlustehnika\",\"potentialAction\":[{\"@type\":\"SearchAction\",\"target\":{\"@type\":\"EntryPoint\",\"urlTemplate\":\"https:\/\/elvtehnika.ee\/test\/?s={search_term_string}\"},\"query-input\":\"required name=search_term_string\"}],\"inLanguage\":\"et\"},{\"@type\":\"Person\",\"@id\":\"https:\/\/elvtehnika.ee\/test\/#\/schema\/person\/28f665ec1e26e9f487be10da2b264cdd\",\"name\":\"Rumos\"}]}<\/script>\n<!-- \/ Yoast SEO plugin. -->","yoast_head_json":{"title":"Mipro raadiomikrofonid - ELV Tehnika","robots":{"index":"noindex","follow":"follow","max-snippet":"max-snippet:-1","max-image-preview":"max-image-preview:large","max-video-preview":"max-video-preview:-1"},"og_locale":"et_EE","og_type":"article","og_title":"Mipro raadiomikrofonid - ELV Tehnika","og_description":"Oleme Mipro toodangu m\u00fc\u00fcmise l\u00f5petanud kuid sellega tegeleb ART Konverentsitehnika. Mipro raadiomikrofoid on t\u00f6\u00f6kindlad, kvaliteetsed ning v\u00e4ga mugavad \u00fcritustel kasutada. Mipro mikrofonid on \u00fcritusel kasutamiseks v\u00e4ga hea valik j\u00e4rgmistel p\u00f5hjustel: &#8211; erisuurusega peamikrofoni peagarnituurid, mille hulgast leiab t\u00e4pselt sobivad peamikrofonid nii lastele kui ka suurt kasvu meestele, et peamikrofon mugavalt peas p\u00fcsiks ja ei loksuks [&hellip;]","og_url":"https:\/\/elvtehnika.ee\/test\/mipro-raadiomikrofonid\/","og_site_name":"ELV Tehnika","article_published_time":"2016-02-09T05:21:49+00:00","article_modified_time":"2018-07-30T13:13:07+00:00","og_image":[{"url":"https:\/\/elvtehnika.ee\/test\/1\/wp-content\/uploads\/mipro-raadiomikrofonid1-1024x888.jpg"}],"author":"Rumos","twitter_misc":{"Written by":"Rumos","Est. reading time":"1 minut"},"schema":{"@context":"https:\/\/schema.org","@graph":[{"@type":"WebPage","@id":"https:\/\/elvtehnika.ee\/test\/mipro-raadiomikrofonid\/","url":"https:\/\/elvtehnika.ee\/test\/mipro-raadiomikrofonid\/","name":"Mipro raadiomikrofonid - ELV Tehnika","isPartOf":{"@id":"https:\/\/elvtehnika.ee\/test\/#website"},"datePublished":"2016-02-09T05:21:49+00:00","dateModified":"2018-07-30T13:13:07+00:00","author":{"@id":"https:\/\/elvtehnika.ee\/test\/#\/schema\/person\/28f665ec1e26e9f487be10da2b264cdd"},"breadcrumb":{"@id":"https:\/\/elvtehnika.ee\/test\/mipro-raadiomikrofonid\/#breadcrumb"},"inLanguage":"et","potentialAction":[{"@type":"ReadAction","target":["https:\/\/elvtehnika.ee\/test\/mipro-raadiomikrofonid\/"]}]},{"@type":"BreadcrumbList","@id":"https:\/\/elvtehnika.ee\/test\/mipro-raadiomikrofonid\/#breadcrumb","itemListElement":[{"@type":"ListItem","position":1,"name":"Home","item":"https:\/\/elvtehnika.ee\/test\/"},{"@type":"ListItem","position":2,"name":"Mipro raadiomikrofonid"}]},{"@type":"WebSite","@id":"https:\/\/elvtehnika.ee\/test\/#website","url":"https:\/\/elvtehnika.ee\/test\/","name":"ELV Tehnika","description":"Heli-, valgus- ja esitlustehnika","potentialAction":[{"@type":"SearchAction","target":{"@type":"EntryPoint","urlTemplate":"https:\/\/elvtehnika.ee\/test\/?s={search_term_string}"},"query-input":"required name=search_term_string"}],"inLanguage":"et"},{"@type":"Person","@id":"https:\/\/elvtehnika.ee\/test\/#\/schema\/person\/28f665ec1e26e9f487be10da2b264cdd","name":"Rumos"}]}},"_links":{"self":[{"href":"https:\/\/elvtehnika.ee\/test\/wp-json\/wp\/v2\/posts\/3543"}],"collection":[{"href":"https:\/\/elvtehnika.ee\/test\/wp-json\/wp\/v2\/posts"}],"about":[{"href":"https:\/\/elvtehnika.ee\/test\/wp-json\/wp\/v2\/types\/post"}],"author":[{"embeddable":true,"href":"https:\/\/elvtehnika.ee\/test\/wp-json\/wp\/v2\/users\/2"}],"replies":[{"embeddable":true,"href":"https:\/\/elvtehnika.ee\/test\/wp-json\/wp\/v2\/comments?post=3543"}],"version-history":[{"count":4,"href":"https:\/\/elvtehnika.ee\/test\/wp-json\/wp\/v2\/posts\/3543\/revisions"}],"predecessor-version":[{"id":10331,"href":"https:\/\/elvtehnika.ee\/test\/wp-json\/wp\/v2\/posts\/3543\/revisions\/10331"}],"wp:attachment":[{"href":"https:\/\/elvtehnika.ee\/test\/wp-json\/wp\/v2\/media?parent=3543"}],"wp:term":[{"taxonomy":"category","embeddable":true,"href":"https:\/\/elvtehnika.ee\/test\/wp-json\/wp\/v2\/categories?post=3543"},{"taxonomy":"post_tag","embeddable":true,"href":"https:\/\/elvtehnika.ee\/test\/wp-json\/wp\/v2\/tags?post=3543"}],"curies":[{"name":"wp","href":"https:\/\/api.w.org\/{rel}","templated":true}]}}