{"id":3556,"date":"2016-02-10T09:21:54","date_gmt":"2016-02-10T09:21:54","guid":{"rendered":"http:\/\/www.elvtehnika.ee\/?p=3556"},"modified":"2016-07-17T15:50:39","modified_gmt":"2016-07-17T15:50:39","slug":"rcf-aktiivkolarite-muuk","status":"publish","type":"post","link":"https:\/\/elvtehnika.ee\/test\/rcf-aktiivkolarite-muuk\/","title":{"rendered":"RCF aktiivk\u00f5larid ja aktiivsed subwooferid"},"content":{"rendered":"<p><a href=\"https:\/\/elvtehnika.ee\/test\/1\/wp-content\/uploads\/rcf-aktiivk\u00f5larid.jpg\"><img decoding=\"async\" loading=\"lazy\" class=\"alignright wp-image-1379 \" src=\"https:\/\/elvtehnika.ee\/test\/1\/wp-content\/uploads\/rcf-aktiivk\u00f5larid-1024x630.jpg\" alt=\"rcf aktiivk\u00f5larid\" width=\"403\" height=\"248\" srcset=\"https:\/\/elvtehnika.ee\/test\/wp-content\/uploads\/rcf-aktiivk\u00f5larid-1024x630.jpg 1024w, https:\/\/elvtehnika.ee\/test\/wp-content\/uploads\/rcf-aktiivk\u00f5larid-600x369.jpg 600w, https:\/\/elvtehnika.ee\/test\/wp-content\/uploads\/rcf-aktiivk\u00f5larid-290x178.jpg 290w, https:\/\/elvtehnika.ee\/test\/wp-content\/uploads\/rcf-aktiivk\u00f5larid-300x184.jpg 300w, https:\/\/elvtehnika.ee\/test\/wp-content\/uploads\/rcf-aktiivk\u00f5larid.jpg 1399w\" sizes=\"(max-width: 403px) 100vw, 403px\" \/><\/a><\/p>\n<p>Pakume Itaalia kvaliteetootja RCF aktiivk\u00f5lareid ja subwoofereid, mis on detailse, puhta ja j\u00f5ulise helipildiga, kvaliteetsete komponentidega ning t\u00f6\u00f6kindlad seadmed kasutamiseks professionaalses \u00a0kasutusalas nagu b\u00e4ndide heliv\u00f5imendus, DJ-de heliv\u00f5imendustehnika, pubide tantsup\u00f5randate helidamine, \u00f6\u00f6klubid, konverentsisaalid ja kontsertsaalid.<\/p>\n<p>RCF\u00a0helitehnika\u00a0on valmistatud Itaalias\u00a0kasutades k\u00f5ige arenenumat tehnoloogiat loomaks t\u00f6\u00f6kindlad ning kvaliteetsed seadmed, mis vastavad ka\u00a0n\u00f5udlike muusikute ootustele taasesitades selge vokaali, tugeva ja t\u00e4pse bassi ning detailsed ja puhtad k\u00f5rghelid. RCF&#8217;i toodangut kasutakse ja hinnatakse laialt \u00fcle maailma. Eriti silmapaistev on RCF aktiivk\u00f5larite v\u00e4ga hea bassitaasesitus, mis on selge, madal ja tugev.<\/p>\n<p>Tarnime seadmed Teile \u00fcle Eesti ilma lisatasuta, kanname hoolt, et 3-aastase garantiiperioodi jooksul saaks defektiga seade kiirelt ja tasuta remonditud v\u00f5i asendatud ning pakume remondiperioodiks tasuta asendusseadet kui soovite. K\u00f5ige populaarsemad mudelid saame tihtipeale tarnida juba 48 tunni jooksul.<\/p>\n<p>Kui kaalute kvaliteetse heliv\u00f5imendustehnika ostmist kuid kahtlete veel kas selline investeering ennast \u00e4ra tasub &#8211; kirjutage meil aadressile <em>&#101;&#x6c;&#x6d;e&#114;&#x2e;v&#111;&#x6f;&#x6c;a&#105;&#x64;&#64;&#101;&#x6c;&#x76;t&#101;&#x68;n&#105;&#x6b;&#x61;&#46;&#101;&#x65;<\/em> ning ehk leiame v\u00f5imaluse korraldada mugav v\u00f5imalus Teile proovikuulamiseks. See ei kohusta Teid ostma kuid annab v\u00f5imaluse enda jaoks h\u00e4sti kaalutletud otsus teha.<\/p>\n<p>Kui Teil on m\u00f5tted mida tahaksite teostada v\u00f5i umbkaudne idee selle osas mida vajate, v\u00f5tke kindlasti <a title=\"Kontakt\" href=\"https:\/\/elvtehnika.ee\/test\/kontakt\/\">\u00fchendust<\/a>.<\/p>\n<p>Allpool toome v\u00e4lja levinumad mudelid:<\/p>\n","protected":false},"excerpt":{"rendered":"<p>Pakume Itaalia kvaliteetootja RCF aktiivk\u00f5lareid ja subwoofereid, mis on detailse, puhta ja j\u00f5ulise helipildiga, kvaliteetsete komponentidega ning t\u00f6\u00f6kindlad seadmed kasutamiseks professionaalses \u00a0kasutusalas nagu b\u00e4ndide heliv\u00f5imendus, DJ-de heliv\u00f5imendustehnika, pubide tantsup\u00f5randate helidamine, \u00f6\u00f6klubid, konverentsisaalid ja kontsertsaalid. RCF\u00a0helitehnika\u00a0on valmistatud Itaalias\u00a0kasutades k\u00f5ige arenenumat tehnoloogiat loomaks t\u00f6\u00f6kindlad ning kvaliteetsed seadmed, mis vastavad ka\u00a0n\u00f5udlike muusikute ootustele taasesitades selge vokaali, tugeva ja [&hellip;]<\/p>\n","protected":false},"author":2,"featured_media":0,"comment_status":"closed","ping_status":"open","sticky":false,"template":"","format":"standard","meta":[],"categories":[63],"tags":[],"acf":[],"yoast_head":"<!-- This site is optimized with the Yoast SEO plugin v20.5 - https:\/\/yoast.com\/wordpress\/plugins\/seo\/ -->\n<title>RCF aktiivk\u00f5larid ja aktiivsed subwooferid - ELV Tehnika<\/title>\n<meta name=\"robots\" content=\"noindex, follow, max-snippet:-1, max-image-preview:large, max-video-preview:-1\" \/>\n<meta property=\"og:locale\" content=\"et_EE\" \/>\n<meta property=\"og:type\" content=\"article\" \/>\n<meta property=\"og:title\" content=\"RCF aktiivk\u00f5larid ja aktiivsed subwooferid - ELV Tehnika\" \/>\n<meta property=\"og:description\" content=\"Pakume Itaalia kvaliteetootja RCF aktiivk\u00f5lareid ja subwoofereid, mis on detailse, puhta ja j\u00f5ulise helipildiga, kvaliteetsete komponentidega ning t\u00f6\u00f6kindlad seadmed kasutamiseks professionaalses \u00a0kasutusalas nagu b\u00e4ndide heliv\u00f5imendus, DJ-de heliv\u00f5imendustehnika, pubide tantsup\u00f5randate helidamine, \u00f6\u00f6klubid, konverentsisaalid ja kontsertsaalid. RCF\u00a0helitehnika\u00a0on valmistatud Itaalias\u00a0kasutades k\u00f5ige arenenumat tehnoloogiat loomaks t\u00f6\u00f6kindlad ning kvaliteetsed seadmed, mis vastavad ka\u00a0n\u00f5udlike muusikute ootustele taasesitades selge vokaali, tugeva ja [&hellip;]\" \/>\n<meta property=\"og:url\" content=\"https:\/\/elvtehnika.ee\/test\/rcf-aktiivkolarite-muuk\/\" \/>\n<meta property=\"og:site_name\" content=\"ELV Tehnika\" \/>\n<meta property=\"article:published_time\" content=\"2016-02-10T09:21:54+00:00\" \/>\n<meta property=\"article:modified_time\" content=\"2016-07-17T15:50:39+00:00\" \/>\n<meta name=\"author\" content=\"Rumos\" \/>\n<meta name=\"twitter:label1\" content=\"Written by\" \/>\n\t<meta name=\"twitter:data1\" content=\"Rumos\" \/>\n\t<meta name=\"twitter:label2\" content=\"Est. reading time\" \/>\n\t<meta name=\"twitter:data2\" content=\"1 minut\" \/>\n<script type=\"application\/ld+json\" class=\"yoast-schema-graph\">{\"@context\":\"https:\/\/schema.org\",\"@graph\":[{\"@type\":\"WebPage\",\"@id\":\"https:\/\/elvtehnika.ee\/test\/rcf-aktiivkolarite-muuk\/\",\"url\":\"https:\/\/elvtehnika.ee\/test\/rcf-aktiivkolarite-muuk\/\",\"name\":\"RCF aktiivk\u00f5larid ja aktiivsed subwooferid - ELV Tehnika\",\"isPartOf\":{\"@id\":\"https:\/\/elvtehnika.ee\/test\/#website\"},\"datePublished\":\"2016-02-10T09:21:54+00:00\",\"dateModified\":\"2016-07-17T15:50:39+00:00\",\"author\":{\"@id\":\"https:\/\/elvtehnika.ee\/test\/#\/schema\/person\/28f665ec1e26e9f487be10da2b264cdd\"},\"breadcrumb\":{\"@id\":\"https:\/\/elvtehnika.ee\/test\/rcf-aktiivkolarite-muuk\/#breadcrumb\"},\"inLanguage\":\"et\",\"potentialAction\":[{\"@type\":\"ReadAction\",\"target\":[\"https:\/\/elvtehnika.ee\/test\/rcf-aktiivkolarite-muuk\/\"]}]},{\"@type\":\"BreadcrumbList\",\"@id\":\"https:\/\/elvtehnika.ee\/test\/rcf-aktiivkolarite-muuk\/#breadcrumb\",\"itemListElement\":[{\"@type\":\"ListItem\",\"position\":1,\"name\":\"Home\",\"item\":\"https:\/\/elvtehnika.ee\/test\/\"},{\"@type\":\"ListItem\",\"position\":2,\"name\":\"RCF aktiivk\u00f5larid ja aktiivsed subwooferid\"}]},{\"@type\":\"WebSite\",\"@id\":\"https:\/\/elvtehnika.ee\/test\/#website\",\"url\":\"https:\/\/elvtehnika.ee\/test\/\",\"name\":\"ELV Tehnika\",\"description\":\"Heli-, valgus- ja esitlustehnika\",\"potentialAction\":[{\"@type\":\"SearchAction\",\"target\":{\"@type\":\"EntryPoint\",\"urlTemplate\":\"https:\/\/elvtehnika.ee\/test\/?s={search_term_string}\"},\"query-input\":\"required name=search_term_string\"}],\"inLanguage\":\"et\"},{\"@type\":\"Person\",\"@id\":\"https:\/\/elvtehnika.ee\/test\/#\/schema\/person\/28f665ec1e26e9f487be10da2b264cdd\",\"name\":\"Rumos\"}]}<\/script>\n<!-- \/ Yoast SEO plugin. -->","yoast_head_json":{"title":"RCF aktiivk\u00f5larid ja aktiivsed subwooferid - ELV Tehnika","robots":{"index":"noindex","follow":"follow","max-snippet":"max-snippet:-1","max-image-preview":"max-image-preview:large","max-video-preview":"max-video-preview:-1"},"og_locale":"et_EE","og_type":"article","og_title":"RCF aktiivk\u00f5larid ja aktiivsed subwooferid - ELV Tehnika","og_description":"Pakume Itaalia kvaliteetootja RCF aktiivk\u00f5lareid ja subwoofereid, mis on detailse, puhta ja j\u00f5ulise helipildiga, kvaliteetsete komponentidega ning t\u00f6\u00f6kindlad seadmed kasutamiseks professionaalses \u00a0kasutusalas nagu b\u00e4ndide heliv\u00f5imendus, DJ-de heliv\u00f5imendustehnika, pubide tantsup\u00f5randate helidamine, \u00f6\u00f6klubid, konverentsisaalid ja kontsertsaalid. RCF\u00a0helitehnika\u00a0on valmistatud Itaalias\u00a0kasutades k\u00f5ige arenenumat tehnoloogiat loomaks t\u00f6\u00f6kindlad ning kvaliteetsed seadmed, mis vastavad ka\u00a0n\u00f5udlike muusikute ootustele taasesitades selge vokaali, tugeva ja [&hellip;]","og_url":"https:\/\/elvtehnika.ee\/test\/rcf-aktiivkolarite-muuk\/","og_site_name":"ELV Tehnika","article_published_time":"2016-02-10T09:21:54+00:00","article_modified_time":"2016-07-17T15:50:39+00:00","author":"Rumos","twitter_misc":{"Written by":"Rumos","Est. reading time":"1 minut"},"schema":{"@context":"https:\/\/schema.org","@graph":[{"@type":"WebPage","@id":"https:\/\/elvtehnika.ee\/test\/rcf-aktiivkolarite-muuk\/","url":"https:\/\/elvtehnika.ee\/test\/rcf-aktiivkolarite-muuk\/","name":"RCF aktiivk\u00f5larid ja aktiivsed subwooferid - ELV Tehnika","isPartOf":{"@id":"https:\/\/elvtehnika.ee\/test\/#website"},"datePublished":"2016-02-10T09:21:54+00:00","dateModified":"2016-07-17T15:50:39+00:00","author":{"@id":"https:\/\/elvtehnika.ee\/test\/#\/schema\/person\/28f665ec1e26e9f487be10da2b264cdd"},"breadcrumb":{"@id":"https:\/\/elvtehnika.ee\/test\/rcf-aktiivkolarite-muuk\/#breadcrumb"},"inLanguage":"et","potentialAction":[{"@type":"ReadAction","target":["https:\/\/elvtehnika.ee\/test\/rcf-aktiivkolarite-muuk\/"]}]},{"@type":"BreadcrumbList","@id":"https:\/\/elvtehnika.ee\/test\/rcf-aktiivkolarite-muuk\/#breadcrumb","itemListElement":[{"@type":"ListItem","position":1,"name":"Home","item":"https:\/\/elvtehnika.ee\/test\/"},{"@type":"ListItem","position":2,"name":"RCF aktiivk\u00f5larid ja aktiivsed subwooferid"}]},{"@type":"WebSite","@id":"https:\/\/elvtehnika.ee\/test\/#website","url":"https:\/\/elvtehnika.ee\/test\/","name":"ELV Tehnika","description":"Heli-, valgus- ja esitlustehnika","potentialAction":[{"@type":"SearchAction","target":{"@type":"EntryPoint","urlTemplate":"https:\/\/elvtehnika.ee\/test\/?s={search_term_string}"},"query-input":"required name=search_term_string"}],"inLanguage":"et"},{"@type":"Person","@id":"https:\/\/elvtehnika.ee\/test\/#\/schema\/person\/28f665ec1e26e9f487be10da2b264cdd","name":"Rumos"}]}},"_links":{"self":[{"href":"https:\/\/elvtehnika.ee\/test\/wp-json\/wp\/v2\/posts\/3556"}],"collection":[{"href":"https:\/\/elvtehnika.ee\/test\/wp-json\/wp\/v2\/posts"}],"about":[{"href":"https:\/\/elvtehnika.ee\/test\/wp-json\/wp\/v2\/types\/post"}],"author":[{"embeddable":true,"href":"https:\/\/elvtehnika.ee\/test\/wp-json\/wp\/v2\/users\/2"}],"replies":[{"embeddable":true,"href":"https:\/\/elvtehnika.ee\/test\/wp-json\/wp\/v2\/comments?post=3556"}],"version-history":[{"count":3,"href":"https:\/\/elvtehnika.ee\/test\/wp-json\/wp\/v2\/posts\/3556\/revisions"}],"predecessor-version":[{"id":4027,"href":"https:\/\/elvtehnika.ee\/test\/wp-json\/wp\/v2\/posts\/3556\/revisions\/4027"}],"wp:attachment":[{"href":"https:\/\/elvtehnika.ee\/test\/wp-json\/wp\/v2\/media?parent=3556"}],"wp:term":[{"taxonomy":"category","embeddable":true,"href":"https:\/\/elvtehnika.ee\/test\/wp-json\/wp\/v2\/categories?post=3556"},{"taxonomy":"post_tag","embeddable":true,"href":"https:\/\/elvtehnika.ee\/test\/wp-json\/wp\/v2\/tags?post=3556"}],"curies":[{"name":"wp","href":"https:\/\/api.w.org\/{rel}","templated":true}]}}