{"id":3563,"date":"2016-02-10T09:39:06","date_gmt":"2016-02-10T09:39:06","guid":{"rendered":"http:\/\/www.elvtehnika.ee\/?p=3563"},"modified":"2016-02-10T09:39:35","modified_gmt":"2016-02-10T09:39:35","slug":"posemikrofonid","status":"publish","type":"post","link":"https:\/\/elvtehnika.ee\/test\/posemikrofonid\/","title":{"rendered":"P\u00f5semikrofonide m\u00fc\u00fck"},"content":{"rendered":"<p><a href=\"https:\/\/elvtehnika.ee\/test\/1\/wp-content\/uploads\/p\u00f5semikrofon.jpg\"><img decoding=\"async\" loading=\"lazy\" class=\"size-medium wp-image-2360 alignright\" src=\"https:\/\/elvtehnika.ee\/test\/1\/wp-content\/uploads\/p\u00f5semikrofon-222x300.jpg\" alt=\"p\u00f5semikrofon koos saatja ja vastuv\u00f5tjaga\" width=\"222\" height=\"300\" srcset=\"https:\/\/elvtehnika.ee\/test\/wp-content\/uploads\/p\u00f5semikrofon-222x300.jpg 222w, https:\/\/elvtehnika.ee\/test\/wp-content\/uploads\/p\u00f5semikrofon-148x200.jpg 148w, https:\/\/elvtehnika.ee\/test\/wp-content\/uploads\/p\u00f5semikrofon.jpg 480w\" sizes=\"(max-width: 222px) 100vw, 222px\" \/><\/a>Pakume t\u00f6\u00f6kindlaid, hea leviga kasutajas\u00f5bralikke p\u00f5semikrofone v\u00e4ga m\u00f5istliku hinnaga. Need mikrofonid on miniatuursed, nahav\u00e4rvi, p\u00fcsivad h\u00e4sti peas, ei sega liikumist ning nad on disainitud\u00a0professionaalsesse kasutusala jaoks oma t\u00f6\u00f6kindluse ja funktsioonide t\u00f6ttu.<\/p>\n<p>Pakume seadmed komplektidena, mis on kohandatud nii, et neid oleks hea kasutada ja transportida. Ehitame seadmed tehnikar\u00e4kki ja pakume kaasa t\u00e4iendavaid\u00a0lisaseadmeid olenevalt kasutusalast.<\/p>\n<p>Tehnikale pakume 21-p\u00e4evast prooviperioodi, mille jooksul saate tehnikat\u00a0proovida ning kui need ei peaks Teie ootustele vastama, saate need tagastada ning ka raha tagasi. Seadmetel on 3-aastane garantiiperiood, mille jooksul saadame Teile rikke esinemisel 1-2 p\u00e4eva jooksul tasuta asendusseadme kuni Teie seade saab parandatud v\u00f5i v\u00e4lja vahetatud.<\/p>\n<p>Allpool leiate m\u00f5ned v\u00f5imalikud valmiskomplektid, mida saame vastavalt Teie soovidele muuta ja t\u00e4iendada. K\u00fcsimuste korral v\u00f5tke kindlasti <a title=\"Kontakt\" href=\"https:\/\/elvtehnika.ee\/test\/kontakt\/\">\u00fchendust<\/a><\/p>\n","protected":false},"excerpt":{"rendered":"<p>Pakume t\u00f6\u00f6kindlaid, hea leviga kasutajas\u00f5bralikke p\u00f5semikrofone v\u00e4ga m\u00f5istliku hinnaga. Need mikrofonid on miniatuursed, nahav\u00e4rvi, p\u00fcsivad h\u00e4sti peas, ei sega liikumist ning nad on disainitud\u00a0professionaalsesse kasutusala jaoks oma t\u00f6\u00f6kindluse ja funktsioonide t\u00f6ttu. Pakume seadmed komplektidena, mis on kohandatud nii, et neid oleks hea kasutada ja transportida. Ehitame seadmed tehnikar\u00e4kki ja pakume kaasa t\u00e4iendavaid\u00a0lisaseadmeid olenevalt kasutusalast. Tehnikale [&hellip;]<\/p>\n","protected":false},"author":2,"featured_media":0,"comment_status":"closed","ping_status":"open","sticky":false,"template":"","format":"standard","meta":[],"categories":[63],"tags":[],"acf":[],"yoast_head":"<!-- This site is optimized with the Yoast SEO plugin v20.5 - https:\/\/yoast.com\/wordpress\/plugins\/seo\/ -->\n<title>P\u00f5semikrofonide m\u00fc\u00fck - ELV Tehnika<\/title>\n<meta name=\"robots\" content=\"noindex, follow, max-snippet:-1, max-image-preview:large, max-video-preview:-1\" \/>\n<meta property=\"og:locale\" content=\"et_EE\" \/>\n<meta property=\"og:type\" content=\"article\" \/>\n<meta property=\"og:title\" content=\"P\u00f5semikrofonide m\u00fc\u00fck - ELV Tehnika\" \/>\n<meta property=\"og:description\" content=\"Pakume t\u00f6\u00f6kindlaid, hea leviga kasutajas\u00f5bralikke p\u00f5semikrofone v\u00e4ga m\u00f5istliku hinnaga. Need mikrofonid on miniatuursed, nahav\u00e4rvi, p\u00fcsivad h\u00e4sti peas, ei sega liikumist ning nad on disainitud\u00a0professionaalsesse kasutusala jaoks oma t\u00f6\u00f6kindluse ja funktsioonide t\u00f6ttu. Pakume seadmed komplektidena, mis on kohandatud nii, et neid oleks hea kasutada ja transportida. Ehitame seadmed tehnikar\u00e4kki ja pakume kaasa t\u00e4iendavaid\u00a0lisaseadmeid olenevalt kasutusalast. Tehnikale [&hellip;]\" \/>\n<meta property=\"og:url\" content=\"https:\/\/elvtehnika.ee\/test\/posemikrofonid\/\" \/>\n<meta property=\"og:site_name\" content=\"ELV Tehnika\" \/>\n<meta property=\"article:published_time\" content=\"2016-02-10T09:39:06+00:00\" \/>\n<meta property=\"article:modified_time\" content=\"2016-02-10T09:39:35+00:00\" \/>\n<meta name=\"author\" content=\"Rumos\" \/>\n<meta name=\"twitter:label1\" content=\"Written by\" \/>\n\t<meta name=\"twitter:data1\" content=\"Rumos\" \/>\n\t<meta name=\"twitter:label2\" content=\"Est. reading time\" \/>\n\t<meta name=\"twitter:data2\" content=\"1 minut\" \/>\n<script type=\"application\/ld+json\" class=\"yoast-schema-graph\">{\"@context\":\"https:\/\/schema.org\",\"@graph\":[{\"@type\":\"WebPage\",\"@id\":\"https:\/\/elvtehnika.ee\/test\/posemikrofonid\/\",\"url\":\"https:\/\/elvtehnika.ee\/test\/posemikrofonid\/\",\"name\":\"P\u00f5semikrofonide m\u00fc\u00fck - ELV Tehnika\",\"isPartOf\":{\"@id\":\"https:\/\/elvtehnika.ee\/test\/#website\"},\"datePublished\":\"2016-02-10T09:39:06+00:00\",\"dateModified\":\"2016-02-10T09:39:35+00:00\",\"author\":{\"@id\":\"https:\/\/elvtehnika.ee\/test\/#\/schema\/person\/28f665ec1e26e9f487be10da2b264cdd\"},\"breadcrumb\":{\"@id\":\"https:\/\/elvtehnika.ee\/test\/posemikrofonid\/#breadcrumb\"},\"inLanguage\":\"et\",\"potentialAction\":[{\"@type\":\"ReadAction\",\"target\":[\"https:\/\/elvtehnika.ee\/test\/posemikrofonid\/\"]}]},{\"@type\":\"BreadcrumbList\",\"@id\":\"https:\/\/elvtehnika.ee\/test\/posemikrofonid\/#breadcrumb\",\"itemListElement\":[{\"@type\":\"ListItem\",\"position\":1,\"name\":\"Home\",\"item\":\"https:\/\/elvtehnika.ee\/test\/\"},{\"@type\":\"ListItem\",\"position\":2,\"name\":\"P\u00f5semikrofonide m\u00fc\u00fck\"}]},{\"@type\":\"WebSite\",\"@id\":\"https:\/\/elvtehnika.ee\/test\/#website\",\"url\":\"https:\/\/elvtehnika.ee\/test\/\",\"name\":\"ELV Tehnika\",\"description\":\"Heli-, valgus- ja esitlustehnika\",\"potentialAction\":[{\"@type\":\"SearchAction\",\"target\":{\"@type\":\"EntryPoint\",\"urlTemplate\":\"https:\/\/elvtehnika.ee\/test\/?s={search_term_string}\"},\"query-input\":\"required name=search_term_string\"}],\"inLanguage\":\"et\"},{\"@type\":\"Person\",\"@id\":\"https:\/\/elvtehnika.ee\/test\/#\/schema\/person\/28f665ec1e26e9f487be10da2b264cdd\",\"name\":\"Rumos\"}]}<\/script>\n<!-- \/ Yoast SEO plugin. -->","yoast_head_json":{"title":"P\u00f5semikrofonide m\u00fc\u00fck - ELV Tehnika","robots":{"index":"noindex","follow":"follow","max-snippet":"max-snippet:-1","max-image-preview":"max-image-preview:large","max-video-preview":"max-video-preview:-1"},"og_locale":"et_EE","og_type":"article","og_title":"P\u00f5semikrofonide m\u00fc\u00fck - ELV Tehnika","og_description":"Pakume t\u00f6\u00f6kindlaid, hea leviga kasutajas\u00f5bralikke p\u00f5semikrofone v\u00e4ga m\u00f5istliku hinnaga. Need mikrofonid on miniatuursed, nahav\u00e4rvi, p\u00fcsivad h\u00e4sti peas, ei sega liikumist ning nad on disainitud\u00a0professionaalsesse kasutusala jaoks oma t\u00f6\u00f6kindluse ja funktsioonide t\u00f6ttu. Pakume seadmed komplektidena, mis on kohandatud nii, et neid oleks hea kasutada ja transportida. Ehitame seadmed tehnikar\u00e4kki ja pakume kaasa t\u00e4iendavaid\u00a0lisaseadmeid olenevalt kasutusalast. Tehnikale [&hellip;]","og_url":"https:\/\/elvtehnika.ee\/test\/posemikrofonid\/","og_site_name":"ELV Tehnika","article_published_time":"2016-02-10T09:39:06+00:00","article_modified_time":"2016-02-10T09:39:35+00:00","author":"Rumos","twitter_misc":{"Written by":"Rumos","Est. reading time":"1 minut"},"schema":{"@context":"https:\/\/schema.org","@graph":[{"@type":"WebPage","@id":"https:\/\/elvtehnika.ee\/test\/posemikrofonid\/","url":"https:\/\/elvtehnika.ee\/test\/posemikrofonid\/","name":"P\u00f5semikrofonide m\u00fc\u00fck - ELV Tehnika","isPartOf":{"@id":"https:\/\/elvtehnika.ee\/test\/#website"},"datePublished":"2016-02-10T09:39:06+00:00","dateModified":"2016-02-10T09:39:35+00:00","author":{"@id":"https:\/\/elvtehnika.ee\/test\/#\/schema\/person\/28f665ec1e26e9f487be10da2b264cdd"},"breadcrumb":{"@id":"https:\/\/elvtehnika.ee\/test\/posemikrofonid\/#breadcrumb"},"inLanguage":"et","potentialAction":[{"@type":"ReadAction","target":["https:\/\/elvtehnika.ee\/test\/posemikrofonid\/"]}]},{"@type":"BreadcrumbList","@id":"https:\/\/elvtehnika.ee\/test\/posemikrofonid\/#breadcrumb","itemListElement":[{"@type":"ListItem","position":1,"name":"Home","item":"https:\/\/elvtehnika.ee\/test\/"},{"@type":"ListItem","position":2,"name":"P\u00f5semikrofonide m\u00fc\u00fck"}]},{"@type":"WebSite","@id":"https:\/\/elvtehnika.ee\/test\/#website","url":"https:\/\/elvtehnika.ee\/test\/","name":"ELV Tehnika","description":"Heli-, valgus- ja esitlustehnika","potentialAction":[{"@type":"SearchAction","target":{"@type":"EntryPoint","urlTemplate":"https:\/\/elvtehnika.ee\/test\/?s={search_term_string}"},"query-input":"required name=search_term_string"}],"inLanguage":"et"},{"@type":"Person","@id":"https:\/\/elvtehnika.ee\/test\/#\/schema\/person\/28f665ec1e26e9f487be10da2b264cdd","name":"Rumos"}]}},"_links":{"self":[{"href":"https:\/\/elvtehnika.ee\/test\/wp-json\/wp\/v2\/posts\/3563"}],"collection":[{"href":"https:\/\/elvtehnika.ee\/test\/wp-json\/wp\/v2\/posts"}],"about":[{"href":"https:\/\/elvtehnika.ee\/test\/wp-json\/wp\/v2\/types\/post"}],"author":[{"embeddable":true,"href":"https:\/\/elvtehnika.ee\/test\/wp-json\/wp\/v2\/users\/2"}],"replies":[{"embeddable":true,"href":"https:\/\/elvtehnika.ee\/test\/wp-json\/wp\/v2\/comments?post=3563"}],"version-history":[{"count":1,"href":"https:\/\/elvtehnika.ee\/test\/wp-json\/wp\/v2\/posts\/3563\/revisions"}],"predecessor-version":[{"id":3564,"href":"https:\/\/elvtehnika.ee\/test\/wp-json\/wp\/v2\/posts\/3563\/revisions\/3564"}],"wp:attachment":[{"href":"https:\/\/elvtehnika.ee\/test\/wp-json\/wp\/v2\/media?parent=3563"}],"wp:term":[{"taxonomy":"category","embeddable":true,"href":"https:\/\/elvtehnika.ee\/test\/wp-json\/wp\/v2\/categories?post=3563"},{"taxonomy":"post_tag","embeddable":true,"href":"https:\/\/elvtehnika.ee\/test\/wp-json\/wp\/v2\/tags?post=3563"}],"curies":[{"name":"wp","href":"https:\/\/api.w.org\/{rel}","templated":true}]}}