{"id":3703,"date":"2016-04-03T09:51:57","date_gmt":"2016-04-03T09:51:57","guid":{"rendered":"http:\/\/www.elvtehnika.ee\/?p=3703"},"modified":"2019-01-04T16:18:33","modified_gmt":"2019-01-04T14:18:33","slug":"rcf-evox-ribakolari-ja-subwooferi-komplektid-heli-uhtlasemaks-ja-selgemaks-voimendamiseks-valitud-suunas","status":"publish","type":"post","link":"https:\/\/elvtehnika.ee\/test\/rcf-evox-ribakolari-ja-subwooferi-komplektid-heli-uhtlasemaks-ja-selgemaks-voimendamiseks-valitud-suunas\/","title":{"rendered":"RCF EVOX ribak\u00f5lari ja subwooferi komplektid heli \u00fchtlasemaks ja selgemaks v\u00f5imendamiseks"},"content":{"rendered":"<p><a href=\"https:\/\/elvtehnika.ee\/test\/1\/wp-content\/uploads\/RCF-evox-seeria-ribak\u00f5larid.jpg\"><img decoding=\"async\" loading=\"lazy\" class=\"aligncenter wp-image-3706\" src=\"https:\/\/elvtehnika.ee\/test\/1\/wp-content\/uploads\/RCF-evox-seeria-ribak\u00f5larid.jpg\" alt=\"RCF evox seeria ribak\u00f5larid, column k\u00f5larid, array\" width=\"736\" height=\"357\" srcset=\"https:\/\/elvtehnika.ee\/test\/wp-content\/uploads\/RCF-evox-seeria-ribak\u00f5larid.jpg 1050w, https:\/\/elvtehnika.ee\/test\/wp-content\/uploads\/RCF-evox-seeria-ribak\u00f5larid-600x291.jpg 600w, https:\/\/elvtehnika.ee\/test\/wp-content\/uploads\/RCF-evox-seeria-ribak\u00f5larid-290x141.jpg 290w, https:\/\/elvtehnika.ee\/test\/wp-content\/uploads\/RCF-evox-seeria-ribak\u00f5larid-300x145.jpg 300w, https:\/\/elvtehnika.ee\/test\/wp-content\/uploads\/RCF-evox-seeria-ribak\u00f5larid-768x372.jpg 768w, https:\/\/elvtehnika.ee\/test\/wp-content\/uploads\/RCF-evox-seeria-ribak\u00f5larid-1024x496.jpg 1024w\" sizes=\"(max-width: 736px) 100vw, 736px\" \/><\/a><\/p>\n<p>V\u00e4ga kvaliteetsed heliv\u00f5imenduskomplektid, mis v\u00f5imaldavad nii k\u00f5net, eelnevalt salvestatud muusikat kui ka b\u00e4ndi live-esinemisi v\u00f5imendada selliselt, et vokaali selgus, heli detailsus ning \u00fcle ruumi jaotumise \u00fchtlus on enneolematult head.<\/p>\n<p><strong>Uudne tehnoloogia, mis toob mitmeid eeliseid<\/strong><\/p>\n<p><a href=\"https:\/\/elvtehnika.ee\/test\/1\/wp-content\/uploads\/RCF-evox-tehnoloogia-2.jpg\"><img decoding=\"async\" loading=\"lazy\" class=\"alignright wp-image-3720\" src=\"https:\/\/elvtehnika.ee\/test\/1\/wp-content\/uploads\/RCF-evox-tehnoloogia.jpg\" alt=\"RCF evox tehnoloogia\" width=\"146\" height=\"595\" srcset=\"https:\/\/elvtehnika.ee\/test\/wp-content\/uploads\/RCF-evox-tehnoloogia.jpg 226w, https:\/\/elvtehnika.ee\/test\/wp-content\/uploads\/RCF-evox-tehnoloogia-49x200.jpg 49w\" sizes=\"(max-width: 146px) 100vw, 146px\" \/><\/a>RCF EVOX seeria k\u00f5larid jaotavad heli ruumis palju \u00fchtlasemalt ning laiema nurgaga kui tavalised aktiivk\u00f5larid. Selle tulemusel on ka saali keskel v\u00f5i tagaosas heli tugev, selge ja detailne ning lava ees on\u00a0helitugevus palju m\u00f5istlikumal tasemel ja mugavalt kuulatav.<\/p>\n<p>K\u00f5larid on laiema\u00a0vertiklaalse heli levimise nurgaga tavalised aktiivk\u00f5larid (60 asemel 120) ning\u00a0nende horisontaalne heli levimise nurk on 60-ne v\u00f5i 70-ne kraadi asemel 30 kraadi &#8211; ehk palju kitsam. See tuleneb helilainete liitumise p\u00f5him\u00f5ttest, mida ribak\u00f5lari disain \u00e4ra kasutab.<\/p>\n<p>EVOX seeria k\u00f5larite puhul on \u00fches piklikus kastis 5-8 \u00fcksteise kohal paiknevat k\u00f5larielementi, mille lained liituvad selliselt, et heli levib kaugemale ning ei haju nii palju \u00fcles ja allasuunda \u00e4ra. Tulemuseks on ruumi \u00fchtlasem heliga kattuvus. Lai vertikaalne nurk aitab h\u00e4sti ka saali k\u00fclgi heliga katta &#8211; nii on selgelt arusaavad ja tugev heli ka laiema saali k\u00fclgedes.<\/p>\n<p>EVOX array v\u00f5i column disaini erip\u00e4ra v\u00f5imaldab mikrofone palju efektiivsemalt kasutada ja k\u00f5net tugevamini v\u00f5imendada kui see tavak\u00f5laritega v\u00f5imalik on. Mikrofon ei l\u00e4he kaugeltki nii lihtsalt vilesse kui tavak\u00f5laritega &#8211; see v\u00f5imaldab seadistada n\u00e4iteks korraga 6 peamikrofoni \u00fches saalis v\u00e4ga selgelt ja tugevalt kostuma ilma kartmata, et m\u00f5ni mikrofon vilesse l\u00e4heb kui \u00fcks esinejatest k\u00f5laritele l\u00e4hemale v\u00f5i k\u00f5larite ette liigub. See teeb nad esmaklassiliseks heliv\u00f5imenduse seadmeteks konverentsidel.<a href=\"https:\/\/elvtehnika.ee\/test\/1\/wp-content\/uploads\/rcf-evox-lihtne-paigaldus.jpg\"><img decoding=\"async\" loading=\"lazy\" class=\"wp-image-3714 alignnone\" src=\"https:\/\/elvtehnika.ee\/test\/1\/wp-content\/uploads\/rcf-evox-lihtne-paigaldus.jpg\" alt=\"rcf evox mugav transport ja lihtne paigaldus\" width=\"600\" height=\"470\" srcset=\"https:\/\/elvtehnika.ee\/test\/wp-content\/uploads\/rcf-evox-lihtne-paigaldus.jpg 1254w, https:\/\/elvtehnika.ee\/test\/wp-content\/uploads\/rcf-evox-lihtne-paigaldus-600x470.jpg 600w, https:\/\/elvtehnika.ee\/test\/wp-content\/uploads\/rcf-evox-lihtne-paigaldus-255x200.jpg 255w, https:\/\/elvtehnika.ee\/test\/wp-content\/uploads\/rcf-evox-lihtne-paigaldus-300x235.jpg 300w, https:\/\/elvtehnika.ee\/test\/wp-content\/uploads\/rcf-evox-lihtne-paigaldus-768x601.jpg 768w, https:\/\/elvtehnika.ee\/test\/wp-content\/uploads\/rcf-evox-lihtne-paigaldus-1024x802.jpg 1024w\" sizes=\"(max-width: 600px) 100vw, 600px\" \/><\/a><\/p>\n<p><strong>V\u00e4ga korralik j\u00f5udlus ja \u00e4\u00e4rmine kompaktsus<\/strong><\/p>\n<p>EVOX k\u00f5lariteseeria maksimaalne helir\u00f5hk on 125-130 dB, j\u00f5uline bassiosa kuni 40-45 Hz-ni @-3dB olenevalt mudelist. See teeb nad piisavalt j\u00f5uliseks muusikaliste kollektiivide esinemisteks ka suuremale publikule. Seejuures on kogu tehnika \u00e4\u00e4rmiselt kerge ja lihtne transportida andes Teile eelise kerge ja kiire transpordi ja paigalduse n\u00e4ol.<\/p>\n<p><a href=\"https:\/\/elvtehnika.ee\/test\/1\/wp-content\/uploads\/RCF-evox-seeria-ribak\u00f5larid-2.jpg\"><img decoding=\"async\" loading=\"lazy\" class=\"wp-image-3711 aligncenter\" src=\"https:\/\/elvtehnika.ee\/test\/1\/wp-content\/uploads\/RCF-evox-seeria-ribak\u00f5larid-2.jpg\" alt=\"RCF evox seeria ribak\u00f5larid 2\" width=\"559\" height=\"380\" srcset=\"https:\/\/elvtehnika.ee\/test\/wp-content\/uploads\/RCF-evox-seeria-ribak\u00f5larid-2.jpg 766w, https:\/\/elvtehnika.ee\/test\/wp-content\/uploads\/RCF-evox-seeria-ribak\u00f5larid-2-600x408.jpg 600w, https:\/\/elvtehnika.ee\/test\/wp-content\/uploads\/RCF-evox-seeria-ribak\u00f5larid-2-290x197.jpg 290w, https:\/\/elvtehnika.ee\/test\/wp-content\/uploads\/RCF-evox-seeria-ribak\u00f5larid-2-300x204.jpg 300w\" sizes=\"(max-width: 559px) 100vw, 559px\" \/><\/a><\/p>\n","protected":false},"excerpt":{"rendered":"<p>V\u00e4ga kvaliteetsed heliv\u00f5imenduskomplektid, mis v\u00f5imaldavad nii k\u00f5net, eelnevalt salvestatud muusikat kui ka b\u00e4ndi live-esinemisi v\u00f5imendada selliselt, et vokaali selgus, heli detailsus ning \u00fcle ruumi jaotumise \u00fchtlus on enneolematult head. Uudne tehnoloogia, mis toob mitmeid eeliseid RCF EVOX seeria k\u00f5larid jaotavad heli ruumis palju \u00fchtlasemalt ning laiema nurgaga kui tavalised aktiivk\u00f5larid. Selle tulemusel on ka saali [&hellip;]<\/p>\n","protected":false},"author":3,"featured_media":3706,"comment_status":"closed","ping_status":"open","sticky":false,"template":"","format":"standard","meta":[],"categories":[63],"tags":[],"acf":[],"yoast_head":"<!-- This site is optimized with the Yoast SEO plugin v20.5 - https:\/\/yoast.com\/wordpress\/plugins\/seo\/ -->\n<title>RCF EVOX ribak\u00f5lari ja subwooferi komplektid heli \u00fchtlasemaks ja selgemaks v\u00f5imendamiseks - ELV Tehnika<\/title>\n<meta name=\"description\" content=\"Kvaliteesed ribak\u00f5lari ehk column k\u00f5lari tehnoloogiale tuginevad heliv\u00f5imenduskomplektid, b\u00e4ndidele, DJ-dele ning k\u00f5nev\u00f5imenduseks\" \/>\n<meta name=\"robots\" content=\"noindex, follow, max-snippet:-1, max-image-preview:large, max-video-preview:-1\" \/>\n<meta property=\"og:locale\" content=\"et_EE\" \/>\n<meta property=\"og:type\" content=\"article\" \/>\n<meta property=\"og:title\" content=\"RCF EVOX ribak\u00f5lari ja subwooferi komplektid heli \u00fchtlasemaks ja selgemaks v\u00f5imendamiseks - ELV Tehnika\" \/>\n<meta property=\"og:description\" content=\"Kvaliteesed ribak\u00f5lari ehk column k\u00f5lari tehnoloogiale tuginevad heliv\u00f5imenduskomplektid, b\u00e4ndidele, DJ-dele ning k\u00f5nev\u00f5imenduseks\" \/>\n<meta property=\"og:url\" content=\"https:\/\/elvtehnika.ee\/test\/rcf-evox-ribakolari-ja-subwooferi-komplektid-heli-uhtlasemaks-ja-selgemaks-voimendamiseks-valitud-suunas\/\" \/>\n<meta property=\"og:site_name\" content=\"ELV Tehnika\" \/>\n<meta property=\"article:published_time\" content=\"2016-04-03T09:51:57+00:00\" \/>\n<meta property=\"article:modified_time\" content=\"2019-01-04T14:18:33+00:00\" \/>\n<meta property=\"og:image\" content=\"https:\/\/elvtehnika.ee\/test\/wp-content\/uploads\/RCF-evox-seeria-ribak\u00f5larid.jpg\" \/>\n\t<meta property=\"og:image:width\" content=\"1050\" \/>\n\t<meta property=\"og:image:height\" content=\"509\" \/>\n\t<meta property=\"og:image:type\" content=\"image\/jpeg\" \/>\n<meta name=\"author\" content=\"Elmer\" \/>\n<meta name=\"twitter:label1\" content=\"Written by\" \/>\n\t<meta name=\"twitter:data1\" content=\"Elmer\" \/>\n\t<meta name=\"twitter:label2\" content=\"Est. reading time\" \/>\n\t<meta name=\"twitter:data2\" content=\"2 minutit\" \/>\n<script type=\"application\/ld+json\" class=\"yoast-schema-graph\">{\"@context\":\"https:\/\/schema.org\",\"@graph\":[{\"@type\":\"WebPage\",\"@id\":\"https:\/\/elvtehnika.ee\/test\/rcf-evox-ribakolari-ja-subwooferi-komplektid-heli-uhtlasemaks-ja-selgemaks-voimendamiseks-valitud-suunas\/\",\"url\":\"https:\/\/elvtehnika.ee\/test\/rcf-evox-ribakolari-ja-subwooferi-komplektid-heli-uhtlasemaks-ja-selgemaks-voimendamiseks-valitud-suunas\/\",\"name\":\"RCF EVOX ribak\u00f5lari ja subwooferi komplektid heli \u00fchtlasemaks ja selgemaks v\u00f5imendamiseks - ELV Tehnika\",\"isPartOf\":{\"@id\":\"https:\/\/elvtehnika.ee\/test\/#website\"},\"datePublished\":\"2016-04-03T09:51:57+00:00\",\"dateModified\":\"2019-01-04T14:18:33+00:00\",\"author\":{\"@id\":\"https:\/\/elvtehnika.ee\/test\/#\/schema\/person\/299b1306ee49da1d85bb49641d465e1b\"},\"description\":\"Kvaliteesed ribak\u00f5lari ehk column k\u00f5lari tehnoloogiale tuginevad heliv\u00f5imenduskomplektid, b\u00e4ndidele, DJ-dele ning k\u00f5nev\u00f5imenduseks\",\"breadcrumb\":{\"@id\":\"https:\/\/elvtehnika.ee\/test\/rcf-evox-ribakolari-ja-subwooferi-komplektid-heli-uhtlasemaks-ja-selgemaks-voimendamiseks-valitud-suunas\/#breadcrumb\"},\"inLanguage\":\"et\",\"potentialAction\":[{\"@type\":\"ReadAction\",\"target\":[\"https:\/\/elvtehnika.ee\/test\/rcf-evox-ribakolari-ja-subwooferi-komplektid-heli-uhtlasemaks-ja-selgemaks-voimendamiseks-valitud-suunas\/\"]}]},{\"@type\":\"BreadcrumbList\",\"@id\":\"https:\/\/elvtehnika.ee\/test\/rcf-evox-ribakolari-ja-subwooferi-komplektid-heli-uhtlasemaks-ja-selgemaks-voimendamiseks-valitud-suunas\/#breadcrumb\",\"itemListElement\":[{\"@type\":\"ListItem\",\"position\":1,\"name\":\"Home\",\"item\":\"https:\/\/elvtehnika.ee\/test\/\"},{\"@type\":\"ListItem\",\"position\":2,\"name\":\"RCF EVOX ribak\u00f5lari ja subwooferi komplektid heli \u00fchtlasemaks ja selgemaks v\u00f5imendamiseks\"}]},{\"@type\":\"WebSite\",\"@id\":\"https:\/\/elvtehnika.ee\/test\/#website\",\"url\":\"https:\/\/elvtehnika.ee\/test\/\",\"name\":\"ELV Tehnika\",\"description\":\"Heli-, valgus- ja esitlustehnika\",\"potentialAction\":[{\"@type\":\"SearchAction\",\"target\":{\"@type\":\"EntryPoint\",\"urlTemplate\":\"https:\/\/elvtehnika.ee\/test\/?s={search_term_string}\"},\"query-input\":\"required name=search_term_string\"}],\"inLanguage\":\"et\"},{\"@type\":\"Person\",\"@id\":\"https:\/\/elvtehnika.ee\/test\/#\/schema\/person\/299b1306ee49da1d85bb49641d465e1b\",\"name\":\"Elmer\"}]}<\/script>\n<!-- \/ Yoast SEO plugin. -->","yoast_head_json":{"title":"RCF EVOX ribak\u00f5lari ja subwooferi komplektid heli \u00fchtlasemaks ja selgemaks v\u00f5imendamiseks - ELV Tehnika","description":"Kvaliteesed ribak\u00f5lari ehk column k\u00f5lari tehnoloogiale tuginevad heliv\u00f5imenduskomplektid, b\u00e4ndidele, DJ-dele ning k\u00f5nev\u00f5imenduseks","robots":{"index":"noindex","follow":"follow","max-snippet":"max-snippet:-1","max-image-preview":"max-image-preview:large","max-video-preview":"max-video-preview:-1"},"og_locale":"et_EE","og_type":"article","og_title":"RCF EVOX ribak\u00f5lari ja subwooferi komplektid heli \u00fchtlasemaks ja selgemaks v\u00f5imendamiseks - ELV Tehnika","og_description":"Kvaliteesed ribak\u00f5lari ehk column k\u00f5lari tehnoloogiale tuginevad heliv\u00f5imenduskomplektid, b\u00e4ndidele, DJ-dele ning k\u00f5nev\u00f5imenduseks","og_url":"https:\/\/elvtehnika.ee\/test\/rcf-evox-ribakolari-ja-subwooferi-komplektid-heli-uhtlasemaks-ja-selgemaks-voimendamiseks-valitud-suunas\/","og_site_name":"ELV Tehnika","article_published_time":"2016-04-03T09:51:57+00:00","article_modified_time":"2019-01-04T14:18:33+00:00","og_image":[{"width":1050,"height":509,"url":"https:\/\/elvtehnika.ee\/test\/wp-content\/uploads\/RCF-evox-seeria-ribak\u00f5larid.jpg","type":"image\/jpeg"}],"author":"Elmer","twitter_misc":{"Written by":"Elmer","Est. reading time":"2 minutit"},"schema":{"@context":"https:\/\/schema.org","@graph":[{"@type":"WebPage","@id":"https:\/\/elvtehnika.ee\/test\/rcf-evox-ribakolari-ja-subwooferi-komplektid-heli-uhtlasemaks-ja-selgemaks-voimendamiseks-valitud-suunas\/","url":"https:\/\/elvtehnika.ee\/test\/rcf-evox-ribakolari-ja-subwooferi-komplektid-heli-uhtlasemaks-ja-selgemaks-voimendamiseks-valitud-suunas\/","name":"RCF EVOX ribak\u00f5lari ja subwooferi komplektid heli \u00fchtlasemaks ja selgemaks v\u00f5imendamiseks - ELV Tehnika","isPartOf":{"@id":"https:\/\/elvtehnika.ee\/test\/#website"},"datePublished":"2016-04-03T09:51:57+00:00","dateModified":"2019-01-04T14:18:33+00:00","author":{"@id":"https:\/\/elvtehnika.ee\/test\/#\/schema\/person\/299b1306ee49da1d85bb49641d465e1b"},"description":"Kvaliteesed ribak\u00f5lari ehk column k\u00f5lari tehnoloogiale tuginevad heliv\u00f5imenduskomplektid, b\u00e4ndidele, DJ-dele ning k\u00f5nev\u00f5imenduseks","breadcrumb":{"@id":"https:\/\/elvtehnika.ee\/test\/rcf-evox-ribakolari-ja-subwooferi-komplektid-heli-uhtlasemaks-ja-selgemaks-voimendamiseks-valitud-suunas\/#breadcrumb"},"inLanguage":"et","potentialAction":[{"@type":"ReadAction","target":["https:\/\/elvtehnika.ee\/test\/rcf-evox-ribakolari-ja-subwooferi-komplektid-heli-uhtlasemaks-ja-selgemaks-voimendamiseks-valitud-suunas\/"]}]},{"@type":"BreadcrumbList","@id":"https:\/\/elvtehnika.ee\/test\/rcf-evox-ribakolari-ja-subwooferi-komplektid-heli-uhtlasemaks-ja-selgemaks-voimendamiseks-valitud-suunas\/#breadcrumb","itemListElement":[{"@type":"ListItem","position":1,"name":"Home","item":"https:\/\/elvtehnika.ee\/test\/"},{"@type":"ListItem","position":2,"name":"RCF EVOX ribak\u00f5lari ja subwooferi komplektid heli \u00fchtlasemaks ja selgemaks v\u00f5imendamiseks"}]},{"@type":"WebSite","@id":"https:\/\/elvtehnika.ee\/test\/#website","url":"https:\/\/elvtehnika.ee\/test\/","name":"ELV Tehnika","description":"Heli-, valgus- ja esitlustehnika","potentialAction":[{"@type":"SearchAction","target":{"@type":"EntryPoint","urlTemplate":"https:\/\/elvtehnika.ee\/test\/?s={search_term_string}"},"query-input":"required name=search_term_string"}],"inLanguage":"et"},{"@type":"Person","@id":"https:\/\/elvtehnika.ee\/test\/#\/schema\/person\/299b1306ee49da1d85bb49641d465e1b","name":"Elmer"}]}},"_links":{"self":[{"href":"https:\/\/elvtehnika.ee\/test\/wp-json\/wp\/v2\/posts\/3703"}],"collection":[{"href":"https:\/\/elvtehnika.ee\/test\/wp-json\/wp\/v2\/posts"}],"about":[{"href":"https:\/\/elvtehnika.ee\/test\/wp-json\/wp\/v2\/types\/post"}],"author":[{"embeddable":true,"href":"https:\/\/elvtehnika.ee\/test\/wp-json\/wp\/v2\/users\/3"}],"replies":[{"embeddable":true,"href":"https:\/\/elvtehnika.ee\/test\/wp-json\/wp\/v2\/comments?post=3703"}],"version-history":[{"count":4,"href":"https:\/\/elvtehnika.ee\/test\/wp-json\/wp\/v2\/posts\/3703\/revisions"}],"predecessor-version":[{"id":12078,"href":"https:\/\/elvtehnika.ee\/test\/wp-json\/wp\/v2\/posts\/3703\/revisions\/12078"}],"wp:featuredmedia":[{"embeddable":true,"href":"https:\/\/elvtehnika.ee\/test\/wp-json\/wp\/v2\/media\/3706"}],"wp:attachment":[{"href":"https:\/\/elvtehnika.ee\/test\/wp-json\/wp\/v2\/media?parent=3703"}],"wp:term":[{"taxonomy":"category","embeddable":true,"href":"https:\/\/elvtehnika.ee\/test\/wp-json\/wp\/v2\/categories?post=3703"},{"taxonomy":"post_tag","embeddable":true,"href":"https:\/\/elvtehnika.ee\/test\/wp-json\/wp\/v2\/tags?post=3703"}],"curies":[{"name":"wp","href":"https:\/\/api.w.org\/{rel}","templated":true}]}}